{"id":208,"date":"2022-05-31T07:55:01","date_gmt":"2022-05-31T07:55:01","guid":{"rendered":"https:\/\/sportano.cz\/blog\/jaky-typ-cyklistickych-bryli-zvolit-typy-cyklistickych-bryli\/"},"modified":"2025-07-23T09:16:42","modified_gmt":"2025-07-23T09:16:42","slug":"jaky-typ-cyklistickych-bryli-zvolit-typy-cyklistickych-bryli","status":"publish","type":"post","link":"https:\/\/sportano.cz\/blog\/jaky-typ-cyklistickych-bryli-zvolit-typy-cyklistickych-bryli\/","title":{"rendered":"Jak\u00fd typ cyklistick\u00fdch br\u00fdl\u00ed zvolit? Typy cyklistick\u00fdch br\u00fdl\u00ed"},"content":{"rendered":"<p style=\"text-align: start;\"><strong>Br\u00fdle by m\u011bly doplnit v\u00fdbavu ka\u017ed\u00e9ho cyklistick\u00e9ho nad\u0161ence, a\u0165 u\u017e se chyst\u00e1 na kr\u00e1tkou vyj\u00ed\u017e\u010fku za m\u011bsto, nebo ho \u010dek\u00e1 intenzivn\u00ed tr\u00e9nink na horsk\u00fdch stezk\u00e1ch. Jak\u00fd druh cyklistick\u00fdch br\u00fdl\u00ed zvolit, abyste zajistili \u00fa\u010dinnou ochranu o\u010d\u00ed nejen p\u0159ed UV z\u00e1\u0159en\u00edm, ale tak\u00e9 je p\u0159izp\u016fsobili sv\u00fdm pot\u0159eb\u00e1m? <\/strong><\/p>\n<h2>Cyklistick\u00e9 br\u00fdle &#8211; nezbytn\u00fd dopln\u011bk cyklisty<\/h2>\n<p style=\"text-align: start;\">Ochrana o\u010d\u00ed je nejd\u016fle\u017eit\u011bj\u0161\u00edm \u00fakolem, kter\u00fd maj\u00ed cyklistick\u00e9 br\u00fdle plnit. D\u00edky vhodn\u00fdm filtr\u016fm chr\u00e1n\u00ed o\u010dn\u00ed bulvy p\u0159ed \u0161kodliv\u00fdm UV z\u00e1\u0159en\u00edm v letn\u00edch i zimn\u00edch dnech. P\u0159esto\u017ee v zimn\u00edm obdob\u00ed nejezd\u00edme na kole tak \u010dasto, vyplat\u00ed se nezapom\u00ednat na br\u00fdle, proto\u017ee sn\u00edh siln\u011b odr\u00e1\u017e\u00ed slune\u010dn\u00ed paprsky (a\u017e 80 %).<\/p>\n<p style=\"text-align: start;\">Vhodn\u011b zvolen\u00e9 sportovn\u00ed p\u0159\u00edslu\u0161enstv\u00ed zaru\u010duje odpov\u00eddaj\u00edc\u00ed viditelnost p\u0159i zm\u011bn\u011b intenzity sv\u011btla (nap\u0159. kdy\u017e po del\u0161\u00ed j\u00edzd\u011b v hust\u00e9m lese vyjedeme na proslun\u011bnou m\u00fdtinu, na\u0161e zorn\u00e9 pole se v\u00fdrazn\u011b zhor\u0161\u00ed), a umo\u017e\u0148uje tak rychleji vid\u011bt a reagovat na nebezpe\u010dn\u00e9 situace, nap\u0159. p\u0159ek\u00e1\u017eku na silnici. Cyklistick\u00e9 br\u00fdle jsou tak\u00e9 ochrannou bari\u00e9rou proti:<\/p>\n<ul class=\"parent-of-p\">\n<li>\n<p style=\"text-align: start;\">r\u016fzn\u00e9 druhy kontaminace (prach atd.),<\/p>\n<\/li>\n<\/ul>\n<ul class=\"parent-of-p\">\n<li>\n<p style=\"text-align: start;\">Nadm\u011brn\u00e1 vlhkost (nejen d\u00e9\u0161\u0165, pot, ale i trh\u00e1n\u00ed),<\/p>\n<\/li>\n<\/ul>\n<ul class=\"parent-of-p\">\n<li>\n<p style=\"text-align: start;\">v\u00edtr,<\/p>\n<\/li>\n<\/ul>\n<ul class=\"parent-of-p\">\n<li>\n<p style=\"text-align: start;\">drobn\u00e9 prvky (nap\u0159. p\u00edsek, kameny, v\u011btve),<\/p>\n<\/li>\n<li>\n<p style=\"text-align: start;\">hmyz.<\/p>\n<\/li>\n<\/ul>\n<h2>Spr\u00e1vn\u00e9 cyklistick\u00e9 br\u00fdle: na co se zam\u011b\u0159it p\u0159i n\u00e1kupu?<\/h2>\n<p style=\"text-align: start;\">Obecn\u011b plat\u00ed, \u017ee nejlep\u0161\u00ed cyklistick\u00e9 br\u00fdle jsou ty, kter\u00e9 p\u0159i j\u00edzd\u011b v\u016fbec nec\u00edt\u00edte. Nem\u011bly by v \u017e\u00e1dn\u00e9m m\u00edst\u011b tla\u010dit na obli\u010dej, zkreslovat obraz, omezovat zorn\u00e9 pole nebo sklouz\u00e1vat p\u0159i dynamick\u00fdch pohybech hlavy. Na co bychom m\u011bli p\u0159i n\u00e1kupu tohoto cyklistick\u00e9ho dopl\u0148ku db\u00e1t krom\u011b pohodl\u00ed?<\/p>\n<h3>Typy \u010do\u010dek<\/h3>\n<p style=\"text-align: start;\">Podle odst\u00ednu a stupn\u011b propustnosti sv\u011btla se \u010do\u010dky d\u011bl\u00ed na:<\/p>\n<ul class=\"parent-of-p\">\n<li>\n<p style=\"text-align: start;\">transparentn\u00ed (kategorie 0 SO) &#8211; propou\u0161t\u00ed sv\u011btlo na 80-100 %, pou\u017e\u00edv\u00e1 se za sn\u00ed\u017een\u00e9 viditelnosti, v noci a za mlhy;<\/p>\n<\/li>\n<\/ul>\n<ul class=\"parent-of-p\">\n<li>\n<p style=\"text-align: start;\">\u017dlut\u00e1 (kategorie 1 S1) &#8211; propou\u0161t\u00ed sv\u011btlo v rozmez\u00ed 43-80 %, pou\u017e\u00edv\u00e1 se p\u0159i zata\u017een\u00e9m po\u010das\u00ed, mlze, de\u0161ti, pro lep\u0161\u00ed kontrast;<\/p>\n<\/li>\n<\/ul>\n<ul class=\"parent-of-p\">\n<li>\n<p style=\"text-align: start;\">r\u016f\u017eov\u00e9\/\u010derven\u00e9\/modr\u00e9 (kategorie 2 S2) &#8211; propou\u0161t\u011bj\u00ed sv\u011btlo v rozsahu 18-43 %, chr\u00e1n\u00ed o\u010di p\u0159ed velmi siln\u00fdm sv\u011btlem, vhodn\u00e9 tak\u00e9 pro \u0159\u00edzen\u00ed za \u0161patn\u00fdch pov\u011btrnostn\u00edch podm\u00ednek;<\/p>\n<\/li>\n<\/ul>\n<ul class=\"parent-of-p\">\n<li>\n<p style=\"text-align: start;\">\u0161ed\u00e1\/hn\u011bd\u00e1\/\u010dern\u00e1\/fialov\u00e1 (kategorie 3 S3) &#8211; propustnost sv\u011btla 8-13 %, pou\u017e\u00edv\u00e1 se za velmi slune\u010dn\u00fdch dn\u016f;<\/p>\n<\/li>\n<li>\n<p style=\"text-align: start;\">velmi tmav\u00e9 (kategorie 4 S4) &#8211; propou\u0161t\u011bj\u00ed sv\u011btlo v rozmez\u00ed 3-8 %, pro j\u00edzdu za siln\u00e9ho slune\u010dn\u00edho sv\u011btla v l\u00e9t\u011b i v zim\u011b.<\/p>\n<\/li>\n<\/ul>\n<h3>UV filtr<\/h3>\n<p>Filtr v cyklistick\u00fdch br\u00fdl\u00edch je navr\u017een tak, aby co nejv\u00edce omezil p\u0159\u00edstup ultrafialov\u00e9ho z\u00e1\u0159en\u00ed do o\u010d\u00ed. Vyberte si model s filtrem UV 400, kter\u00fd \u00fa\u010dinn\u011b blokuje vstup UVA, UVB a UVC z\u00e1\u0159en\u00ed.<\/p>\n<h3>V\u00fdm\u011bnn\u00e9 objektivy<\/h3>\n<p style=\"text-align: start;\">V\u00fdm\u011bnn\u00e9 objektivy jsou praktick\u00fdm \u0159e\u0161en\u00edm, a\u0165 u\u017e jste rekrea\u010dn\u00ed cyklista, nebo profesion\u00e1ln\u00ed z\u00e1vodn\u00edk. D\u00edky n\u011bkolika p\u00e1r\u016fm \u010do\u010dek m\u016f\u017eete zvolit nejlep\u0161\u00ed \u0159e\u0161en\u00ed podle podm\u00ednek na trase. Optim\u00e1ln\u00ed sada br\u00fdl\u00ed obsahuje pr\u016fhledn\u00fd model, oran\u017eov\u00fd (\u017elut\u00fd) a tmav\u00fd. Syst\u00e9m v\u00fdm\u011bny br\u00fdl\u00ed pro j\u00edzdu na kole m\u016f\u017ee b\u00fdt zalo\u017een na klasick\u00e9m up\u00edn\u00e1n\u00ed (br\u00fdle sta\u010d\u00ed zatla\u010dit do pouzdra) nebo na magnetu. Vyberte si br\u00fdle s pot\u0159ebn\u00fdmi atesty (v\u010detn\u011b CE).<\/p>\n<h3>Konstrukce a ulo\u017een\u00ed r\u00e1mu<\/h3>\n<p style=\"text-align: start;\">R\u00e1m cyklistick\u00fdch br\u00fdl\u00ed by m\u011bl b\u00fdt vybr\u00e1n tak, aby vyhovoval tvaru va\u0161eho obli\u010deje, aby se zabr\u00e1nilo jejich sklouznut\u00ed, kdy\u017e to nejm\u00e9n\u011b o\u010dek\u00e1v\u00e1te. Nejlep\u0161\u00ed je s\u00e1hnout po tvarovan\u00fdch modelech s vym\u011bniteln\u00fdmi nebo nastaviteln\u00fdmi nosn\u00edmi pol\u0161t\u00e1\u0159ky a zorn\u00edky, d\u00edky nim\u017e budete moci libovoln\u011b m\u011bnit nastaven\u00ed br\u00fdl\u00ed podle sv\u00fdch pot\u0159eb. Vyberte si v\u00fdrobek s ergonomick\u00fdmi obrou\u010dkami p\u0159izp\u016fsoben\u00fdmi pohlav\u00ed (nap\u0159. d\u00e1msk\u00e9 cyklistick\u00e9 br\u00fdle jsou vytvo\u0159eny s ohledem na jemn\u00fd tvar \u017eensk\u00e9ho obli\u010deje) a s obrou\u010dkami z vysoce kvalitn\u00edch materi\u00e1l\u016f, nap\u0159. polykarbon\u00e1tu (lehk\u00e9, trvanliv\u00e9, odoln\u00e9 proti rozbit\u00ed). P\u0159i zkou\u0161en\u00ed v\u011bnujte pozornost tomu, zda v\u00e1m r\u00e1m neomezuje v\u00fdhled v jak\u00e9koli poloze hlavy, zejm\u00e9na p\u0159i pohledu shora. V\u011bnujte tak\u00e9 pozornost kompatibilit\u011b s cyklistickou p\u0159ilbou, nap\u0159. zda br\u00fdle p\u0159\u00edli\u0161 netla\u010d\u00ed na nos a sp\u00e1nky a zda z\u016fst\u00e1vaj\u00ed stabiln\u00ed p\u0159i pohybu hlavy.<\/p>\n<h3>Technologie<\/h3>\n<p style=\"text-align: start;\">Aby se br\u00fdle neml\u017eily, je vhodn\u00e9 zvolit model s tzv. antifogovou vrstvou, kter\u00e1 zaru\u010duje spr\u00e1vn\u00e9 proud\u011bn\u00ed vzduchu. Spole\u010dnost Uvex nab\u00edz\u00ed br\u00fdle Supravision, Alpina Fogstop. Dobr\u00fdm n\u00e1padem je tak\u00e9 hydrofobn\u00ed povlak, d\u00edky kter\u00e9mu voda ze skla rychle odte\u010de.<\/p>\n<p style=\"text-align: start;\">Inovativn\u00ed technologie \u010do\u010dek najdete v cyklistick\u00fdch br\u00fdl\u00edch Oakley. Technologie Oakley Prizm\u2122 vylep\u0161uje barvy a kontrast, tak\u017ee cyklista vid\u00ed v\u00edce detail\u016f, tak\u017ee se mu dostane skv\u011bl\u00e9ho zrakov\u00e9ho komfortu za r\u016fzn\u00fdch sv\u011bteln\u00fdch podm\u00ednek.<\/p>\n<p style=\"text-align: start;\">Na druhou stranu cyklistick\u00e9 br\u00fdle Uvex pou\u017e\u00edvaj\u00ed \u010do\u010dky Polavision\u00ae, kter\u00e9 sni\u017euj\u00ed odrazy, pohlcuj\u00ed rozpt\u00fdlen\u00e9 sv\u011btlo, a t\u00edm sni\u017euj\u00ed \u00fanavu o\u010d\u00ed, a tak\u00e9 \u010do\u010dky vyroben\u00e9 technologi\u00ed Variomatic (fotochromatick\u00e9).<\/p>\n<p><img loading=\"lazy\" decoding=\"async\" class=\"attachment-large alignnone\" src=\"http:\/\/sportano.cz\/blog\/wp-content\/uploads\/2022\/05\/jdmojW0DQuJFnYBJchS7rA9-hLHZFV-GbFA-WxzUFnqs9nbuiy8FjRq5_00X28j8-mNRSBTFbK3oNEAHbGMpioHhhUlNhDpEMM_XVePqYeLIfBebsdUexiQRROVV6ntDkZPWdI_MDalDkaGRMYiglwkgU-UXFPtrS6wAGA-L7uH3X.tmp_-1024x612.jpeg\" alt=\"Cyklista jede na silni\u010dn\u00edm kole po malebn\u00e9 silnici\" width=\"1024\" height=\"612\" \/><\/p>\n<h2>Typy cyklistick\u00fdch br\u00fdl\u00ed: vyberte si model, kter\u00fd vyhovuje va\u0161emu stylu j\u00edzdy<\/h2>\n<p style=\"text-align: start;\">D\u016fle\u017eit\u00fdm krit\u00e9riem p\u0159i v\u00fdb\u011bru cyklistick\u00fdch br\u00fdl\u00ed na m\u00edru je jejich vhodnost pro styl j\u00edzdy na kole, ter\u00e9n, ve kter\u00e9m se pohybujeme, \u00farove\u0148 na\u0161eho tr\u00e9ninku nebo o\u010dn\u00ed vady.<\/p>\n<h3>MTB br\u00fdle<\/h3>\n<p style=\"text-align: start;\">Pro j\u00edzdu v rozmanit\u00e9m ter\u00e9nu budou nejlep\u0161\u00ed volbou br\u00fdle s \u010do\u010dkami kategorie 3, p\u0159\u00edpadn\u011b s fotochromatick\u00fdmi \u010do\u010dkami, kter\u00e9 se p\u0159izp\u016fsobuj\u00ed m\u011bn\u00edc\u00edm se sv\u011bteln\u00fdm podm\u00ednk\u00e1m (ztmavuj\u00ed se, kdy\u017e je hodn\u011b slunce, a rozjas\u0148uj\u00ed se p\u0159i tmav\u0161\u00edm sv\u011btle, nap\u0159\u00edklad v hust\u00e9m lese). Obrou\u010dky by m\u011bly dob\u0159e padnout na obli\u010dej, b\u00fdt pom\u011brn\u011b \u0161irok\u00e9 a siln\u00e9, ale nezmen\u0161ovat zorn\u00e9 pole. Dobrou volbou pro horsk\u00e1 kola jsou nap\u0159\u00edklad br\u00fdle Alpina Ram Hr Q-Lite V nebo POC Ora 1002.<\/p>\n<h3>Br\u00fdle na silni\u010dn\u00ed kolo<\/h3>\n<p style=\"text-align: start;\">M\u011bly by poskytovat co nej\u0161ir\u0161\u00ed zorn\u00e9 pole, abyste dob\u0159e vid\u011bli na silnici p\u0159i velk\u00e9m n\u00e1klonu a vysok\u00e9 rychlosti. Vyberte si br\u00fdle na silni\u010dn\u00ed kolo s tenk\u00fdm r\u00e1me\u010dkem a \u0161irok\u00fdmi skly nebo s jedn\u00edm panoramatick\u00fdm sklem a skly kategorie 1 nebo 2, jako jsou br\u00fdle UVEX Sportstyle 803 nebo GOG Viper.<\/p>\n<h3>Korek\u010dn\u00ed br\u00fdle<\/h3>\n<p style=\"text-align: start;\">Jedn\u00e1 se o \u0159e\u0161en\u00ed pro osoby se zrakov\u00fdm posti\u017een\u00edm, kter\u00e9 sni\u017euje nutnost nosit p\u0159i j\u00edzd\u011b na kole kontaktn\u00ed \u010do\u010dky a klasick\u00e9 cyklistick\u00e9 br\u00fdle sou\u010dasn\u011b. Mohou b\u00fdt dod\u00e1v\u00e1ny s adapt\u00e9rem (maj\u00ed speci\u00e1ln\u00ed vlo\u017eku pro nasazen\u00ed korek\u010dn\u00edch skel, nap\u0159. Rudy Project RX Optical Insert Cutline Traly), mohou m\u00edt t\u00f3novan\u00e1 skla nebo b\u00fdt fotochromatick\u00e9 s korek\u010dn\u00edm sklem p\u0159izp\u016fsoben\u00fdm zrakov\u00e9 vad\u011b. Funk\u010dn\u00ed korek\u010dn\u00ed br\u00fdle pro cyklistiku zahrnuj\u00ed: Rudy Project Cutline Impactx Photochromic 2Laser nebo Alpina Defey HR.<\/p>\n<h3>Polarizovan\u00e9 slune\u010dn\u00ed br\u00fdle<\/h3>\n<p>D\u00edky speci\u00e1ln\u00ed polariza\u010dn\u00ed \u010do\u010dce eliminuj\u00ed odlesky a odrazy vznikaj\u00edc\u00ed na hladk\u00fdch povr\u0161\u00edch, jako je mokr\u00fd asfalt, vodn\u00ed hladina apod., a zvy\u0161uj\u00ed tak vizu\u00e1ln\u00ed kontrast a sytost barev. T\u00edm se zamez\u00ed zkreslen\u00e9mu vid\u011bn\u00ed a zv\u00fd\u0161\u00ed se komfort a bezpe\u010dnost j\u00edzdy. Polariza\u010dn\u00ed slune\u010dn\u00ed br\u00fdle tak\u00e9 sni\u017euj\u00ed \u00fanavu a podr\u00e1\u017ed\u011bn\u00ed o\u010d\u00ed. Tato funkce je k dispozici u cyklistick\u00fdch br\u00fdl\u00ed Oakley \u0159ady Radar EV Path.<\/p>\n<h3 style=\"text-align: start;\">Br\u00fdle pro no\u010dn\u00ed vid\u011bn\u00ed<\/h3>\n<p style=\"text-align: start;\">Optim\u00e1ln\u00ed br\u00fdle pro no\u010dn\u00ed \u0159\u00edzen\u00ed jsou br\u00fdle s pr\u016fhledn\u00fdmi skly, kter\u00e9 va\u0161im o\u010d\u00edm poskytnou komfortn\u00ed z\u00e1\u017eitek z j\u00edzdy t\u00edm, \u017ee ztlum\u00ed sv\u011btlo (nap\u0159. lampy u silnice, sv\u011btlomety auta), ale nefiltruj\u00ed ho a nezkresluj\u00ed v\u00e1\u0161 v\u00fdhled.<\/p>\n<h3>Fotochromatick\u00e9 br\u00fdle<\/h3>\n<p style=\"text-align: start;\">Fotochromatick\u00e9 \u010do\u010dky p\u0159izp\u016fsobuj\u00ed sv\u016fj odst\u00edn sv\u011bteln\u00fdm podm\u00ednk\u00e1m, tj. za \u0161patn\u00e9ho po\u010das\u00ed, ve\u010der nebo p\u0159i \u0161patn\u00e9 viditelnosti zesv\u011btluj\u00ed barvu, zat\u00edmco p\u0159i intenzivn\u00edm osv\u011btlen\u00ed tmavnou. V\u00fdb\u011brem fotochromatick\u00fdch br\u00fdl\u00ed pro j\u00edzdn\u00ed kolo z\u00edsk\u00e1te univerz\u00e1ln\u00ed \u0159e\u0161en\u00ed. Je t\u0159eba m\u00edt na pam\u011bti, \u017ee zm\u011bna barvy objektivu n\u011bjakou dobu trv\u00e1. Mezi fotochromatick\u00fdmi br\u00fdlemi pro cyklisty najdete: UVEX Sportstyle 802 V nebo Alpina Rocket V.<\/p>\n<h2>Nejlep\u0161\u00ed cyklistick\u00e9 br\u00fdle od Sportano.cz<\/h2>\n<p style=\"text-align: start;\">Chcete-li m\u00edt z\u00e1ruku, \u017ee dan\u00e9 cyklistick\u00e9 br\u00fdle budou optim\u00e1ln\u011b chr\u00e1nit o\u010di p\u0159ed \u0161kodliv\u00fdmi vlivy, zajist\u00ed pohodl\u00ed a poslou\u017e\u00ed po n\u011bkolik sez\u00f3n, m\u011bli byste s\u00e1hnout po dopl\u0148c\u00edch osv\u011bd\u010den\u00fdch v\u00fdrobc\u016f. Internetov\u00fd sportovn\u00ed obchod Sportano.cz nab\u00edz\u00ed \u0161irok\u00fd sortiment br\u00fdl\u00ed pro milovn\u00edky jednokolky od takov\u00fdch l\u00eddr\u016f na trhu s cyklistick\u00fdm vybaven\u00edm a dopl\u0148ky, jako jsou: Oakley, Uvex, Alpina, Bliz, Casco, GOG, 100%, Leatt, Quicksilver nebo Rudy Project. Vybran\u00e9 br\u00fdle jsou dod\u00e1v\u00e1ny s ochrann\u00fdm pouzdrem (nap\u0159. z mikrovl\u00e1kna) nebo pevn\u00fdm pouzdrem, kter\u00e9 zvy\u0161uje pohodl\u00ed a bezpe\u010dnost p\u0159i skladov\u00e1n\u00ed a p\u0159en\u00e1\u0161en\u00ed.<\/p>\n<p style=\"text-align: start;\">\n","protected":false},"excerpt":{"rendered":"<p>Br\u00fdle by m\u011bly doplnit v\u00fdbavu ka\u017ed\u00e9ho cyklistick\u00e9ho nad\u0161ence, a\u0165 u\u017e se chyst\u00e1 na kr\u00e1tkou vyj\u00ed\u017e\u010fku za m\u011bsto, nebo ho \u010dek\u00e1 intenzivn\u00ed tr\u00e9nink na horsk\u00fdch stezk\u00e1ch. Jak\u00fd druh cyklistick\u00fdch br\u00fdl\u00ed zvolit, abyste zajistili \u00fa\u010dinnou ochranu o\u010d\u00ed nejen p\u0159ed UV z\u00e1\u0159en\u00edm, ale tak\u00e9 je p\u0159izp\u016fsobili sv\u00fdm pot\u0159eb\u00e1m? Cyklistick\u00e9 br\u00fdle &#8211; nezbytn\u00fd dopln\u011bk cyklisty Ochrana o\u010d\u00ed je nejd\u016fle\u017eit\u011bj\u0161\u00edm [&hellip;]<\/p>\n","protected":false},"author":7,"featured_media":212,"comment_status":"closed","ping_status":"closed","sticky":false,"template":"","format":"standard","meta":{"_acf_changed":false,"footnotes":""},"categories":[31],"tags":[],"class_list":["post-208","post","type-post","status-publish","format-standard","has-post-thumbnail","hentry","category-jizdni-kola"],"acf":[],"yoast_head":"<!-- This site is optimized with the Yoast SEO plugin v27.1.1 - https:\/\/yoast.com\/product\/yoast-seo-wordpress\/ -->\n<title>Jak\u00fd typ cyklistick\u00fdch br\u00fdl\u00ed zvolit? Typy cyklistick\u00fdch br\u00fdl\u00ed - Blog Sportano.cz<\/title>\n<meta name=\"robots\" content=\"index, follow, max-snippet:-1, max-image-preview:large, max-video-preview:-1\" \/>\n<link rel=\"canonical\" href=\"https:\/\/sportano.cz\/blog\/jaky-typ-cyklistickych-bryli-zvolit-typy-cyklistickych-bryli\/\" \/>\n<meta property=\"og:locale\" content=\"cs_CZ\" \/>\n<meta property=\"og:type\" content=\"article\" \/>\n<meta property=\"og:title\" content=\"Jak\u00fd typ cyklistick\u00fdch br\u00fdl\u00ed zvolit? Typy cyklistick\u00fdch br\u00fdl\u00ed - Blog Sportano.cz\" \/>\n<meta property=\"og:description\" content=\"Br\u00fdle by m\u011bly doplnit v\u00fdbavu ka\u017ed\u00e9ho cyklistick\u00e9ho nad\u0161ence, a\u0165 u\u017e se chyst\u00e1 na kr\u00e1tkou vyj\u00ed\u017e\u010fku za m\u011bsto, nebo ho \u010dek\u00e1 intenzivn\u00ed tr\u00e9nink na horsk\u00fdch stezk\u00e1ch. Jak\u00fd druh cyklistick\u00fdch br\u00fdl\u00ed zvolit, abyste zajistili \u00fa\u010dinnou ochranu o\u010d\u00ed nejen p\u0159ed UV z\u00e1\u0159en\u00edm, ale tak\u00e9 je p\u0159izp\u016fsobili sv\u00fdm pot\u0159eb\u00e1m? Cyklistick\u00e9 br\u00fdle &#8211; nezbytn\u00fd dopln\u011bk cyklisty Ochrana o\u010d\u00ed je nejd\u016fle\u017eit\u011bj\u0161\u00edm [&hellip;]\" \/>\n<meta property=\"og:url\" content=\"https:\/\/sportano.cz\/blog\/jaky-typ-cyklistickych-bryli-zvolit-typy-cyklistickych-bryli\/\" \/>\n<meta property=\"article:published_time\" content=\"2022-05-31T07:55:01+00:00\" \/>\n<meta property=\"article:modified_time\" content=\"2025-07-23T09:16:42+00:00\" \/>\n<meta property=\"og:image\" content=\"http:\/\/sportano.cz\/blog\/wp-content\/uploads\/2022\/05\/A6_x0fxxdI1kyoCe_FpJKEexaDkJpuz1vB_VO1T7UQQgEvFMBOM_uvZ3kwltUx7WuUJSXCcwAXyFVmN3ysjOwNfiAt0qA0jrCTj2-lDqCJi8PZ4j4GDkYuZeCBPag7TZISf1TaHubJf_egWfCMD-6utSxLCYzCtS-acNlA-SPCu57.tmp_.jpeg\" \/>\n\t<meta property=\"og:image:width\" content=\"1386\" \/>\n\t<meta property=\"og:image:height\" content=\"924\" \/>\n\t<meta property=\"og:image:type\" content=\"image\/jpeg\" \/>\n<meta name=\"author\" content=\"Sylwia Stwora-Petela\" \/>\n<meta name=\"twitter:card\" content=\"summary_large_image\" \/>\n<meta name=\"twitter:label1\" content=\"Napsal(a)\" \/>\n\t<meta name=\"twitter:data1\" content=\"Sylwia Stwora-Petela\" \/>\n\t<meta name=\"twitter:label2\" content=\"Odhadovan\u00e1 doba \u010dten\u00ed\" \/>\n\t<meta name=\"twitter:data2\" content=\"7 minut\" \/>\n<!-- \/ Yoast SEO plugin. -->","yoast_head_json":{"title":"Jak\u00fd typ cyklistick\u00fdch br\u00fdl\u00ed zvolit? Typy cyklistick\u00fdch br\u00fdl\u00ed - Blog Sportano.cz","robots":{"index":"index","follow":"follow","max-snippet":"max-snippet:-1","max-image-preview":"max-image-preview:large","max-video-preview":"max-video-preview:-1"},"canonical":"https:\/\/sportano.cz\/blog\/jaky-typ-cyklistickych-bryli-zvolit-typy-cyklistickych-bryli\/","og_locale":"cs_CZ","og_type":"article","og_title":"Jak\u00fd typ cyklistick\u00fdch br\u00fdl\u00ed zvolit? Typy cyklistick\u00fdch br\u00fdl\u00ed - Blog Sportano.cz","og_description":"Br\u00fdle by m\u011bly doplnit v\u00fdbavu ka\u017ed\u00e9ho cyklistick\u00e9ho nad\u0161ence, a\u0165 u\u017e se chyst\u00e1 na kr\u00e1tkou vyj\u00ed\u017e\u010fku za m\u011bsto, nebo ho \u010dek\u00e1 intenzivn\u00ed tr\u00e9nink na horsk\u00fdch stezk\u00e1ch. Jak\u00fd druh cyklistick\u00fdch br\u00fdl\u00ed zvolit, abyste zajistili \u00fa\u010dinnou ochranu o\u010d\u00ed nejen p\u0159ed UV z\u00e1\u0159en\u00edm, ale tak\u00e9 je p\u0159izp\u016fsobili sv\u00fdm pot\u0159eb\u00e1m? Cyklistick\u00e9 br\u00fdle &#8211; nezbytn\u00fd dopln\u011bk cyklisty Ochrana o\u010d\u00ed je nejd\u016fle\u017eit\u011bj\u0161\u00edm [&hellip;]","og_url":"https:\/\/sportano.cz\/blog\/jaky-typ-cyklistickych-bryli-zvolit-typy-cyklistickych-bryli\/","article_published_time":"2022-05-31T07:55:01+00:00","article_modified_time":"2025-07-23T09:16:42+00:00","og_image":[{"width":1386,"height":924,"url":"http:\/\/sportano.cz\/blog\/wp-content\/uploads\/2022\/05\/A6_x0fxxdI1kyoCe_FpJKEexaDkJpuz1vB_VO1T7UQQgEvFMBOM_uvZ3kwltUx7WuUJSXCcwAXyFVmN3ysjOwNfiAt0qA0jrCTj2-lDqCJi8PZ4j4GDkYuZeCBPag7TZISf1TaHubJf_egWfCMD-6utSxLCYzCtS-acNlA-SPCu57.tmp_.jpeg","type":"image\/jpeg"}],"author":"Sylwia Stwora-Petela","twitter_card":"summary_large_image","twitter_misc":{"Napsal(a)":"Sylwia Stwora-Petela","Odhadovan\u00e1 doba \u010dten\u00ed":"7 minut"},"schema":{"@context":"https:\/\/schema.org","@graph":[{"@type":"Article","@id":"https:\/\/sportano.cz\/blog\/jaky-typ-cyklistickych-bryli-zvolit-typy-cyklistickych-bryli\/#article","isPartOf":{"@id":"https:\/\/sportano.cz\/blog\/jaky-typ-cyklistickych-bryli-zvolit-typy-cyklistickych-bryli\/"},"author":{"name":"Sylwia Stwora-Petela","@id":"https:\/\/sportano.cz\/blog\/#\/schema\/person\/d9d077f481da53ba8aa71ae47f8b9770"},"headline":"Jak\u00fd typ cyklistick\u00fdch br\u00fdl\u00ed zvolit? Typy cyklistick\u00fdch br\u00fdl\u00ed","datePublished":"2022-05-31T07:55:01+00:00","dateModified":"2025-07-23T09:16:42+00:00","mainEntityOfPage":{"@id":"https:\/\/sportano.cz\/blog\/jaky-typ-cyklistickych-bryli-zvolit-typy-cyklistickych-bryli\/"},"wordCount":1667,"publisher":{"@id":"https:\/\/sportano.cz\/blog\/#organization"},"image":{"@id":"https:\/\/sportano.cz\/blog\/jaky-typ-cyklistickych-bryli-zvolit-typy-cyklistickych-bryli\/#primaryimage"},"thumbnailUrl":"https:\/\/sportano.cz\/blog\/wp-content\/uploads\/2022\/05\/A6_x0fxxdI1kyoCe_FpJKEexaDkJpuz1vB_VO1T7UQQgEvFMBOM_uvZ3kwltUx7WuUJSXCcwAXyFVmN3ysjOwNfiAt0qA0jrCTj2-lDqCJi8PZ4j4GDkYuZeCBPag7TZISf1TaHubJf_egWfCMD-6utSxLCYzCtS-acNlA-SPCu57.tmp_.jpeg","articleSection":["J\u00edzdn\u00ed kola"],"inLanguage":"cs"},{"@type":"WebPage","@id":"https:\/\/sportano.cz\/blog\/jaky-typ-cyklistickych-bryli-zvolit-typy-cyklistickych-bryli\/","url":"https:\/\/sportano.cz\/blog\/jaky-typ-cyklistickych-bryli-zvolit-typy-cyklistickych-bryli\/","name":"Jak\u00fd typ cyklistick\u00fdch br\u00fdl\u00ed zvolit? Typy cyklistick\u00fdch br\u00fdl\u00ed - Blog Sportano.cz","isPartOf":{"@id":"https:\/\/sportano.cz\/blog\/#website"},"primaryImageOfPage":{"@id":"https:\/\/sportano.cz\/blog\/jaky-typ-cyklistickych-bryli-zvolit-typy-cyklistickych-bryli\/#primaryimage"},"image":{"@id":"https:\/\/sportano.cz\/blog\/jaky-typ-cyklistickych-bryli-zvolit-typy-cyklistickych-bryli\/#primaryimage"},"thumbnailUrl":"https:\/\/sportano.cz\/blog\/wp-content\/uploads\/2022\/05\/A6_x0fxxdI1kyoCe_FpJKEexaDkJpuz1vB_VO1T7UQQgEvFMBOM_uvZ3kwltUx7WuUJSXCcwAXyFVmN3ysjOwNfiAt0qA0jrCTj2-lDqCJi8PZ4j4GDkYuZeCBPag7TZISf1TaHubJf_egWfCMD-6utSxLCYzCtS-acNlA-SPCu57.tmp_.jpeg","datePublished":"2022-05-31T07:55:01+00:00","dateModified":"2025-07-23T09:16:42+00:00","breadcrumb":{"@id":"https:\/\/sportano.cz\/blog\/jaky-typ-cyklistickych-bryli-zvolit-typy-cyklistickych-bryli\/#breadcrumb"},"inLanguage":"cs","potentialAction":[{"@type":"ReadAction","target":["https:\/\/sportano.cz\/blog\/jaky-typ-cyklistickych-bryli-zvolit-typy-cyklistickych-bryli\/"]}]},{"@type":"ImageObject","inLanguage":"cs","@id":"https:\/\/sportano.cz\/blog\/jaky-typ-cyklistickych-bryli-zvolit-typy-cyklistickych-bryli\/#primaryimage","url":"https:\/\/sportano.cz\/blog\/wp-content\/uploads\/2022\/05\/A6_x0fxxdI1kyoCe_FpJKEexaDkJpuz1vB_VO1T7UQQgEvFMBOM_uvZ3kwltUx7WuUJSXCcwAXyFVmN3ysjOwNfiAt0qA0jrCTj2-lDqCJi8PZ4j4GDkYuZeCBPag7TZISf1TaHubJf_egWfCMD-6utSxLCYzCtS-acNlA-SPCu57.tmp_.jpeg","contentUrl":"https:\/\/sportano.cz\/blog\/wp-content\/uploads\/2022\/05\/A6_x0fxxdI1kyoCe_FpJKEexaDkJpuz1vB_VO1T7UQQgEvFMBOM_uvZ3kwltUx7WuUJSXCcwAXyFVmN3ysjOwNfiAt0qA0jrCTj2-lDqCJi8PZ4j4GDkYuZeCBPag7TZISf1TaHubJf_egWfCMD-6utSxLCYzCtS-acNlA-SPCu57.tmp_.jpeg","width":1386,"height":924,"caption":"Cyklista jede na silnici v zat\u00e1\u010dce"},{"@type":"BreadcrumbList","@id":"https:\/\/sportano.cz\/blog\/jaky-typ-cyklistickych-bryli-zvolit-typy-cyklistickych-bryli\/#breadcrumb","itemListElement":[{"@type":"ListItem","position":1,"name":"Hlavn\u00ed strana","item":"https:\/\/sportano.cz\/blog\/"},{"@type":"ListItem","position":2,"name":"Jak\u00fd typ cyklistick\u00fdch br\u00fdl\u00ed zvolit? Typy cyklistick\u00fdch br\u00fdl\u00ed"}]},{"@type":"WebSite","@id":"https:\/\/sportano.cz\/blog\/#website","url":"https:\/\/sportano.cz\/blog\/","name":"","description":"","publisher":{"@id":"https:\/\/sportano.cz\/blog\/#organization"},"potentialAction":[{"@type":"SearchAction","target":{"@type":"EntryPoint","urlTemplate":"https:\/\/sportano.cz\/blog\/?s={search_term_string}"},"query-input":{"@type":"PropertyValueSpecification","valueRequired":true,"valueName":"search_term_string"}}],"inLanguage":"cs"},{"@type":"Organization","@id":"https:\/\/sportano.cz\/blog\/#organization","name":"Sportano.pl","url":"https:\/\/sportano.cz\/blog\/","logo":{"@type":"ImageObject","inLanguage":"cs","@id":"https:\/\/sportano.cz\/blog\/#\/schema\/logo\/image\/","url":"http:\/\/sportano.cz\/blog\/wp-content\/uploads\/2022\/04\/sportano-blog-logo.png","contentUrl":"http:\/\/sportano.cz\/blog\/wp-content\/uploads\/2022\/04\/sportano-blog-logo.png","width":1200,"height":200,"caption":"Sportano.pl"},"image":{"@id":"https:\/\/sportano.cz\/blog\/#\/schema\/logo\/image\/"}},{"@type":"Person","@id":"https:\/\/sportano.cz\/blog\/#\/schema\/person\/d9d077f481da53ba8aa71ae47f8b9770","name":"Sylwia Stwora-Petela","image":{"@type":"ImageObject","inLanguage":"cs","@id":"https:\/\/sportano.cz\/blog\/#\/schema\/person\/image\/","url":"https:\/\/sportano.cz\/blog\/wp-content\/uploads\/nsl_avatars\/402ae77c9d3e55c9950c8121813f5314.png","contentUrl":"https:\/\/sportano.cz\/blog\/wp-content\/uploads\/nsl_avatars\/402ae77c9d3e55c9950c8121813f5314.png","caption":"Sylwia Stwora-Petela"}}]}},"_links":{"self":[{"href":"https:\/\/sportano.cz\/blog\/wp-json\/wp\/v2\/posts\/208","targetHints":{"allow":["GET"]}}],"collection":[{"href":"https:\/\/sportano.cz\/blog\/wp-json\/wp\/v2\/posts"}],"about":[{"href":"https:\/\/sportano.cz\/blog\/wp-json\/wp\/v2\/types\/post"}],"author":[{"embeddable":true,"href":"https:\/\/sportano.cz\/blog\/wp-json\/wp\/v2\/users\/7"}],"replies":[{"embeddable":true,"href":"https:\/\/sportano.cz\/blog\/wp-json\/wp\/v2\/comments?post=208"}],"version-history":[{"count":3,"href":"https:\/\/sportano.cz\/blog\/wp-json\/wp\/v2\/posts\/208\/revisions"}],"predecessor-version":[{"id":2061,"href":"https:\/\/sportano.cz\/blog\/wp-json\/wp\/v2\/posts\/208\/revisions\/2061"}],"wp:featuredmedia":[{"embeddable":true,"href":"https:\/\/sportano.cz\/blog\/wp-json\/wp\/v2\/media\/212"}],"wp:attachment":[{"href":"https:\/\/sportano.cz\/blog\/wp-json\/wp\/v2\/media?parent=208"}],"wp:term":[{"taxonomy":"category","embeddable":true,"href":"https:\/\/sportano.cz\/blog\/wp-json\/wp\/v2\/categories?post=208"},{"taxonomy":"post_tag","embeddable":true,"href":"https:\/\/sportano.cz\/blog\/wp-json\/wp\/v2\/tags?post=208"}],"curies":[{"name":"wp","href":"https:\/\/api.w.org\/{rel}","templated":true}]}}